{"id":1819,"date":"2026-03-25T12:57:23","date_gmt":"2026-03-25T11:57:23","guid":{"rendered":"https:\/\/szklo-polskie.pl\/blog\/?p=1819"},"modified":"2026-03-25T13:30:58","modified_gmt":"2026-03-25T12:30:58","slug":"oswietlenie-lazienki-i-korytarza-postaw-na-higiene-i-trwalosc","status":"publish","type":"post","link":"https:\/\/szklo-polskie.pl\/blog\/oswietlenie-lazienki-i-korytarza-postaw-na-higiene-i-trwalosc\/","title":{"rendered":"O\u015bwietlenie \u0142azienki i korytarza &#8211; postaw na higien\u0119 i trwa\u0142o\u015b\u0107"},"content":{"rendered":"\n<p>Szukasz o\u015bwietlenia do \u0142azienki lub przedpokoju i zastanawiasz si\u0119, dlaczego niekt\u00f3re lampy po roku wygl\u0105daj\u0105 na zu\u017cyte, a inne ciesz\u0105 oko przez dekady? Odpowied\u017a tkwi w materia\u0142ach. W pomieszczeniach, gdzie panuje wilgo\u0107, kurz i wysoka cz\u0119stotliwo\u015b\u0107 u\u017cytkowania, kr\u00f3luj\u0105 dwa surowce: <strong>szk\u0142o i ceramika<\/strong>.<\/p>\n\n\n\n<p>Oto dlaczego warto na nie postawi\u0107 i jakie modele najlepiej sprawdz\u0105 si\u0119 w Twoim domu.<\/p>\n\n\n\n<h2 class=\"wp-block-heading\">Dlaczego szk\u0142o i ceramika to \u201eduet do zada\u0144 specjalnych\u201d?<\/h2>\n\n\n\n<p>Wi\u0119kszo\u015b\u0107 tanich opraw wykonana jest z tworzyw sztucznych, kt\u00f3re z czasem \u017c\u00f3\u0142kn\u0105 pod wp\u0142ywem promieni UV i ciep\u0142a \u017car\u00f3wki. Szk\u0142o i ceramika s\u0105 pod tym wzgl\u0119dem bezlitosne dla konkurencji:<\/p>\n\n\n\n<ul class=\"wp-block-list\">\n<li><strong>Higiena<\/strong> &#8211; g\u0142adk\u0105 powierzchni\u0119 szk\u0142a i ceramiki umyjesz w kilka sekund. Nie ch\u0142on\u0105 zapach\u00f3w, nie przyci\u0105gaj\u0105 kurzu tak mocno jak plastik i s\u0105 odporne na detergenty.<\/li>\n\n\n\n<li><strong>Trwa\u0142o\u015b\u0107<\/strong> &#8211; ceramika nie koroduje, co w wilgotnej \u0142azience jest kluczowe.<\/li>\n\n\n\n<li><strong>Estetyka<\/strong> &#8211; mleczne (opalowe) szk\u0142o pi\u0119knie rozprasza \u015bwiat\u0142o, niweluj\u0105c ostre cienie \u2013 co docenisz zw\u0142aszcza podczas porannej toalety przed lustrem.<\/li>\n<\/ul>\n\n\n\n<h2 class=\"wp-block-heading\">Klasyka, kt\u00f3ra nie rdzewieje &#8211; oprawy ceramiczne<\/h2>\n\n\n\n<p>Je\u015bli szukasz lampy, kt\u00f3ra przetrwa wszystko, seria <strong>Ifo<\/strong> z ceramiczn\u0105 opraw\u0105 to strza\u0142 w dziesi\u0105tk\u0119. Jest minimalistyczna, skandynawska w duchu i niezwykle praktyczna dzi\u0119ki gwintowanemu po\u0142\u0105czeniu klosza z opraw\u0105.<\/p>\n\n\n\n<ul class=\"wp-block-list\">\n<li><strong>Zastosowanie<\/strong> &#8211; idealna jako g\u0142\u00f3wne o\u015bwietlenie sufitowe w ma\u0142ej \u0142azience lub jako punkt \u015bwietlny w roboczej cz\u0119\u015bci przedpokoju.<\/li>\n\n\n\n<li><strong>Produkt:<\/strong> <a href=\"https:\/\/www.szklo-polskie.pl\/pl\/lampy-z-oprawa-ceramiczna\/72-14319-lampa-4037-ifo-z-gwintem-w-roznych-wersjach-sr-180845-mm-.html#\/59-kolor-bialy_blyszczacy\/479-zawiesie-ifo845_bialy\" target=\"_blank\" rel=\"noreferrer noopener\">Lampa 4037 Ifo z ceramicznym gwintem<\/a><\/li>\n<\/ul>\n\n\n\n<h2 class=\"wp-block-heading\">O\u015bwietlenie przy lustrze &#8211; kinkiety i zwisy<\/h2>\n\n\n\n<p>W \u0142azience \u015bwiat\u0142o przy lustrze musi by\u0107 mi\u0119kkie. Klosze opalowe (mleczne) dzia\u0142aj\u0105 jak naturalny filtr softbox, kt\u00f3ry sprawia, \u017ce twarz wygl\u0105da korzystnie, a makija\u017c czy golenie s\u0105 \u0142atwiejsze.<\/p>\n\n\n\n<figure class=\"wp-block-image size-large\"><img fetchpriority=\"high\" decoding=\"async\" width=\"1024\" height=\"1024\" src=\"https:\/\/szklo-polskie.pl\/blog\/wp-content\/uploads\/2026\/03\/lampy-przy-lustrze-1024x1024.png\" alt=\"Kinkiet 4391 opalowy dost\u0119pny na szklo-polskie.pl\" class=\"wp-image-1820\" title=\"\" srcset=\"https:\/\/szklo-polskie.pl\/blog\/wp-content\/uploads\/2026\/03\/lampy-przy-lustrze-1024x1024.png 1024w, https:\/\/szklo-polskie.pl\/blog\/wp-content\/uploads\/2026\/03\/lampy-przy-lustrze-300x300.png 300w, https:\/\/szklo-polskie.pl\/blog\/wp-content\/uploads\/2026\/03\/lampy-przy-lustrze-150x150.png 150w, https:\/\/szklo-polskie.pl\/blog\/wp-content\/uploads\/2026\/03\/lampy-przy-lustrze-768x768.png 768w, https:\/\/szklo-polskie.pl\/blog\/wp-content\/uploads\/2026\/03\/lampy-przy-lustrze-1536x1536.png 1536w, https:\/\/szklo-polskie.pl\/blog\/wp-content\/uploads\/2026\/03\/lampy-przy-lustrze-1920x1920.png 1920w, https:\/\/szklo-polskie.pl\/blog\/wp-content\/uploads\/2026\/03\/lampy-przy-lustrze-1170x1170.png 1170w, https:\/\/szklo-polskie.pl\/blog\/wp-content\/uploads\/2026\/03\/lampy-przy-lustrze-585x585.png 585w, https:\/\/szklo-polskie.pl\/blog\/wp-content\/uploads\/2026\/03\/lampy-przy-lustrze.png 2048w\" sizes=\"(max-width: 1024px) 100vw, 1024px\" \/><figcaption class=\"wp-element-caption\">Kinkiet 4391 opalowy dost\u0119pny na szklo-polskie.pl<\/figcaption><\/figure>\n\n\n\n<ul class=\"wp-block-list\">\n<li><strong>Kinkiet 4391:<\/strong> Zamontuj dwa po obu stronach lustra, aby uzyska\u0107 efekt profesjonalnej garderoby.\n<ul class=\"wp-block-list\">\n<li><a href=\"https:\/\/www.szklo-polskie.pl\/pl\/kinkiety\/2030-14110-kinkiet-4391-opalowy-sr-14542-mm.html#\/59-kolor-bialy_blyszczacy\" target=\"_blank\" rel=\"noreferrer noopener\">Sprawd\u017a kinkiet 4391 opalowy<\/a><\/li>\n<\/ul>\n<\/li>\n\n\n\n<li><strong>Lampa 4389A:<\/strong> Je\u015bli wolisz lampy wisz\u0105ce, ten model o \u015brednicy 145 mm \u015bwietnie sprawdzi si\u0119 nad blatem w \u0142azience lub w rz\u0119dzie wzd\u0142u\u017c korytarza.\n<ul class=\"wp-block-list\">\n<li><a href=\"https:\/\/www.szklo-polskie.pl\/pl\/kompletne-lampy\/2034-14114-lampa-4389a-opalowa-sr-14542-mm.html#\/59-kolor-bialy_blyszczacy\" target=\"_blank\" rel=\"noreferrer noopener\">Zonacz lamp\u0119 wisz\u0105c\u0105 4389A<\/a><\/li>\n<\/ul>\n<\/li>\n<\/ul>\n\n\n\n<h2 class=\"wp-block-heading\">W\u0105ski korytarz? Postaw na geometri\u0119<\/h2>\n\n\n\n<p>Przedpokoje w blokach bywaj\u0105 w\u0105skie i nieustawne. W takich miejscach najlepiej sprawdzaj\u0105 si\u0119 lampy o smuk\u0142ym kszta\u0142cie, kt\u00f3re nie przyt\u0142aczaj\u0105 przestrzeni, ale daj\u0105 du\u017co \u015bwiat\u0142a.<\/p>\n\n\n\n<ul class=\"wp-block-list\">\n<li><strong>Lampa rura (478100B):<\/strong> To nowoczesny klasyk. Jej pionowa forma optycznie podwy\u017csza sufit, a bia\u0142e szk\u0142o r\u00f3wnomiernie do\u015bwietla szafy i przej\u015bcia.\n<ul class=\"wp-block-list\">\n<li><a href=\"https:\/\/www.szklo-polskie.pl\/pl\/lampy-rury\/482-7859-lampa-478100b-e27-w-roznych-wersjach-sr-100-mm.html#\/221-wysokosc_ok-bialy_blyszczacy_wys_250_mm\/463-zawiesie-zw31102_biale\" target=\"_blank\" rel=\"noreferrer noopener\">Lampa rura 478100B &#8211; elegancja i funkcja<\/a><\/li>\n<\/ul>\n<\/li>\n\n\n\n<li><strong>Lampa \u201edaszek\u201d (5597):<\/strong> Je\u015bli szukasz czego\u015b z nutk\u0105 retro, ale w nowoczesnym wydaniu, szeroki klosz typu daszek b\u0119dzie idealnie rzuca\u0142 \u015bwiat\u0142o w d\u00f3\u0142, akcentuj\u0105c np. konsol\u0119 z kluczami.\n<ul class=\"wp-block-list\">\n<li><a href=\"https:\/\/www.szklo-polskie.pl\/pl\/lampy-daszki\/1849-10654-lampa-5597-opalowa-sr-28042-mm.html#\/59-kolor-bialy_blyszczacy\/463-zawiesie-zw31102_biale\" target=\"_blank\" rel=\"noreferrer noopener\">Lampa 5597 opalowa<\/a><\/li>\n<\/ul>\n<\/li>\n<\/ul>\n\n\n\n<h2 class=\"wp-block-heading\">Jak wybra\u0107?<\/h2>\n\n\n\n<p>Wybieraj\u0105c o\u015bwietlenie do &#8222;trudnych&#8221; pomieszcze\u0144, zadaj sobie jedno pytanie: <strong>czy b\u0119d\u0119 w stanie wyczy\u015bci\u0107 t\u0119 lamp\u0119 jedn\u0105 szmatk\u0105?<\/strong> W przypadku szk\u0142a i ceramiki odpowied\u017a zawsze brzmi: TAK. To inwestycja w Tw\u00f3j czas i \u015bwi\u0119ty spok\u00f3j.<\/p>\n\n\n\n<p><strong>Wskaz\u00f3wka<\/strong> &#8211; do lamp z mlecznego szk\u0142a wybieraj \u017car\u00f3wki LED o ciep\u0142ej barwie (ok. 2700-3000K) \u2013 dzi\u0119ki temu bia\u0142e klosze b\u0119d\u0105 wygl\u0105da\u0107 przytulnie, a nie &#8222;szpitalnie&#8221;.<\/p>\n\n\n\n<p><strong>Chcesz zobaczy\u0107, jak nasze lampy prezentuj\u0105 si\u0119 na \u017cywo?<\/strong> <a target=\"_blank\" rel=\"noreferrer noopener\" href=\"https:\/\/www.szklo-polskie.pl\">Przejd\u017a do pe\u0142nej oferty i znajd\u017a model dla siebie!<\/a><\/p>\n\n\n\n<p><\/p>\n","protected":false},"excerpt":{"rendered":"<p>Szukasz o\u015bwietlenia do \u0142azienki lub przedpokoju i zastanawiasz si\u0119, dlaczego niekt\u00f3re lampy po roku wygl\u0105daj\u0105 na zu\u017cyte, a inne ciesz\u0105 oko przez dekady?&hellip;<\/p>\n","protected":false},"author":3,"featured_media":1830,"comment_status":"open","ping_status":"open","sticky":false,"template":"","format":"standard","meta":{"_lmt_disableupdate":"","_lmt_disable":"","footnotes":""},"categories":[21,22],"tags":[69,70,68],"class_list":["post-1819","post","type-post","status-publish","format-standard","has-post-thumbnail","hentry","category-oswietlenie-pomieszczen","category-pomieszczenia","tag-ceramika","tag-oswietlenie-lazienki","tag-szklo"],"_links":{"self":[{"href":"https:\/\/szklo-polskie.pl\/blog\/wp-json\/wp\/v2\/posts\/1819","targetHints":{"allow":["GET"]}}],"collection":[{"href":"https:\/\/szklo-polskie.pl\/blog\/wp-json\/wp\/v2\/posts"}],"about":[{"href":"https:\/\/szklo-polskie.pl\/blog\/wp-json\/wp\/v2\/types\/post"}],"author":[{"embeddable":true,"href":"https:\/\/szklo-polskie.pl\/blog\/wp-json\/wp\/v2\/users\/3"}],"replies":[{"embeddable":true,"href":"https:\/\/szklo-polskie.pl\/blog\/wp-json\/wp\/v2\/comments?post=1819"}],"version-history":[{"count":2,"href":"https:\/\/szklo-polskie.pl\/blog\/wp-json\/wp\/v2\/posts\/1819\/revisions"}],"predecessor-version":[{"id":1823,"href":"https:\/\/szklo-polskie.pl\/blog\/wp-json\/wp\/v2\/posts\/1819\/revisions\/1823"}],"wp:featuredmedia":[{"embeddable":true,"href":"https:\/\/szklo-polskie.pl\/blog\/wp-json\/wp\/v2\/media\/1830"}],"wp:attachment":[{"href":"https:\/\/szklo-polskie.pl\/blog\/wp-json\/wp\/v2\/media?parent=1819"}],"wp:term":[{"taxonomy":"category","embeddable":true,"href":"https:\/\/szklo-polskie.pl\/blog\/wp-json\/wp\/v2\/categories?post=1819"},{"taxonomy":"post_tag","embeddable":true,"href":"https:\/\/szklo-polskie.pl\/blog\/wp-json\/wp\/v2\/tags?post=1819"}],"curies":[{"name":"wp","href":"https:\/\/api.w.org\/{rel}","templated":true}]}}