{"id":1805,"date":"2026-03-01T19:22:53","date_gmt":"2026-03-01T18:22:53","guid":{"rendered":"https:\/\/szklo-polskie.pl\/blog\/?p=1805"},"modified":"2026-03-01T19:25:22","modified_gmt":"2026-03-01T18:25:22","slug":"kto-wynalazl-zarowke-historia-swiatla-w-twoim-wnetrzu","status":"publish","type":"post","link":"https:\/\/szklo-polskie.pl\/blog\/kto-wynalazl-zarowke-historia-swiatla-w-twoim-wnetrzu\/","title":{"rendered":"Kto wynalaz\u0142 \u017car\u00f3wk\u0119? Historia \u015bwiat\u0142a w Twoim wn\u0119trzu"},"content":{"rendered":"\n<p>Wyobra\u017a sobie dom, w kt\u00f3rym atmosfera zmienia si\u0119 wraz z jednym ruchem d\u0142oni. Odpowiednio dobrane \u017ar\u00f3d\u0142o \u015bwiat\u0142a potrafi przemieni\u0107 surowe wn\u0119trze w przytuln\u0105 przysta\u0144, podkre\u015blaj\u0105c detale, kt\u00f3re kochasz. Jako ekspert z 20-letnim do\u015bwiadczeniem w bran\u017cy o\u015bwietleniowej wiem, \u017ce wyb\u00f3r oprawy to nie tylko kwestia techniczna, ale przede wszystkim kreowanie emocji. Zanim jednak zacz\u0119li\u015bmy zachwyca\u0107 si\u0119 designem nowoczesnych lamp, \u015bwiat musia\u0142 przej\u015b\u0107 d\u0142ug\u0105 drog\u0119. <strong>Kto wynalaz\u0142 \u017car\u00f3wk\u0119<\/strong> i dlaczego ta wiedza pomaga nam dzi\u015b wybiera\u0107 lepsze produkty do naszych mieszka\u0144? Zapraszam do lektury fascynuj\u0105cej opowie\u015bci o pr\u0105dzie, szkle i geniuszu.<\/p>\n\n\n\n<h1 class=\"wp-block-heading\">Historia \u017car\u00f3wki &#8211; Thomas Alva Edison i rok 1879<\/h1>\n\n\n\n<p>Powszechnie uwa\u017ca si\u0119, \u017ce to w\u0142a\u015bnie <strong>Thomas Alva Edison<\/strong> w <strong>1879<\/strong> roku <strong>naprawd\u0119 wynalaz\u0142 \u017car\u00f3wk\u0119<\/strong>. Cho\u0107 to data prze\u0142omowa, warto wiedzie\u0107, \u017ce droga do stworzenia pierwszego praktycznego \u017ar\u00f3d\u0142a \u015bwiat\u0142a elektrycznego by\u0142a efektem pracy wielu wybitnych umys\u0142\u00f3w. Zanim Edison odni\u00f3s\u0142 sukces, in\u017cynierowie i fizycy przez dekady starali si\u0119 <strong>skonstruowa\u0107<\/strong> urz\u0105dzenie, kt\u00f3re b\u0119dzie trwa\u0142e i bezpieczne dla u\u017cytkownika domowego.<\/p>\n\n\n\n<h2 class=\"wp-block-heading\">Humphry Davy i pierwsze kroki w dziedzinie o\u015bwietlenia<\/h2>\n\n\n\n<p>Cho\u0107 <strong>wynalazca \u017car\u00f3wki<\/strong> kojarzy si\u0119 nam z USA, pocz\u0105tki si\u0119gaj\u0105 roku 1802. To wtedy angielski chemik <strong>Humphry Davy<\/strong> pokaza\u0142, \u017ce <strong>pr\u0105d elektryczny<\/strong> przep\u0142ywaj\u0105cy przez cienki pasek platyny mo\u017ce <strong>emitowa\u0107<\/strong> \u015bwiat\u0142o. Jego \u0142uk elektryczny by\u0142 jednak zbyt jasny i kr\u00f3tkotrwa\u0142y, by sta\u0107 si\u0119 <strong>praktyczny<\/strong>. Przez kolejne lata inni badacze, jak <strong>Heinrich G\u00f6bel<\/strong>, pr\u00f3bowali <strong>opracowa\u0107<\/strong> w\u0142asne wersje, jednak to dopiero koniec XIX wieku przyni\u00f3s\u0142 prawdziwy <strong>prze\u0142om<\/strong>.<\/p>\n\n\n\n<figure class=\"wp-block-image size-large\"><img fetchpriority=\"high\" decoding=\"async\" width=\"1024\" height=\"721\" src=\"https:\/\/szklo-polskie.pl\/blog\/wp-content\/uploads\/2026\/03\/edison-zarowka-1024x721.png\" alt=\"Thomas Edison i \u017car\u00f3wka\" class=\"wp-image-1808\" title=\"\" srcset=\"https:\/\/szklo-polskie.pl\/blog\/wp-content\/uploads\/2026\/03\/edison-zarowka-1024x721.png 1024w, https:\/\/szklo-polskie.pl\/blog\/wp-content\/uploads\/2026\/03\/edison-zarowka-300x211.png 300w, https:\/\/szklo-polskie.pl\/blog\/wp-content\/uploads\/2026\/03\/edison-zarowka-768x541.png 768w, https:\/\/szklo-polskie.pl\/blog\/wp-content\/uploads\/2026\/03\/edison-zarowka-1170x824.png 1170w, https:\/\/szklo-polskie.pl\/blog\/wp-content\/uploads\/2026\/03\/edison-zarowka-585x412.png 585w, https:\/\/szklo-polskie.pl\/blog\/wp-content\/uploads\/2026\/03\/edison-zarowka.png 1200w\" sizes=\"(max-width: 1024px) 100vw, 1024px\" \/><figcaption class=\"wp-element-caption\">Thomas Edison i \u017car\u00f3wka<\/figcaption><\/figure>\n\n\n\n<h2 class=\"wp-block-heading\">Kto naprawd\u0119 wynalaz\u0142 \u017car\u00f3wk\u0119 &#8211; Joseph Wilson Swan czy Thomas Edison<\/h2>\n\n\n\n<p>W \u015bwiecie nauki trwa odwieczny sp\u00f3r o to, <strong>kto wymy\u015bli\u0142 \u017car\u00f3wk\u0119<\/strong> jako pierwszy. Na uwag\u0119 zas\u0142uguje przede wszystkim brytyjski fizyk i chemik <strong>Joseph Wilson Swan<\/strong>.<\/p>\n\n\n\n<ul class=\"wp-block-list\">\n<li><strong>Joseph Wilson Swan<\/strong> uzyska\u0142 brytyjski <strong>patent<\/strong> na swoj\u0105 \u017car\u00f3wk\u0119 ju\u017c w 1878 roku.<\/li>\n\n\n\n<li><strong>Pierwsza \u017car\u00f3wka<\/strong> Swana posiada\u0142a zw\u0119glony papierowy \u017carnik, jednak problemem by\u0142o utrzymanie pr\u00f3\u017cni w szklanej ba\u0144ce.<\/li>\n\n\n\n<li><strong>Thomas Edison<\/strong> udoskonali\u0142 ten model, stosuj\u0105c zw\u0119glone w\u0142\u00f3kno bambusowe, co pozwoli\u0142o \u017car\u00f3wce \u015bwieci\u0107 przez setki godzin.<\/li>\n<\/ul>\n\n\n\n<p><strong>Edison opatentowa\u0142<\/strong> swoje rozwi\u0105zanie, co doprowadzi\u0142o do powstania giganta, jakim by\u0142o <strong>przedsi\u0119biorstwo Edison<\/strong> (p\u00f3\u017aniejsze General Electric). Aby unikn\u0105\u0107 wyniszczaj\u0105cych proces\u00f3w s\u0105dowych, <strong>Swan i Edison<\/strong> ostatecznie po\u0142\u0105czyli si\u0142y, tworz\u0105c Ediswan (Edison &amp; Swan United Electric Light Company). To w\u0142a\u015bnie wtedy <strong>o\u015bwietlenie elektryczne<\/strong> zacz\u0119\u0142o trafia\u0107 pod strzechy, a <strong>powstanie \u017car\u00f3wki<\/strong> zrewolucjonizowa\u0142o \u017cycie codzienne.<\/p>\n\n\n\n<h2 class=\"wp-block-heading\">Ewolucja \u015bwiat\u0142a &#8211; od \u017car\u00f3wki z \u017carnikiem do \u017car\u00f3wki LED<\/h2>\n\n\n\n<p><strong>Historia \u017car\u00f3wki<\/strong> to nieustanne d\u0105\u017cenie do wydajno\u015bci. <strong>Tradycyjne \u017car\u00f3wki<\/strong> oparte na \u017carniku wolframowym, cho\u0107 pi\u0119kne w swojej surowo\u015bci, marnowa\u0142y mn\u00f3stwo energii na produkcj\u0119 ciep\u0142a. <strong>\u017bar\u00f3wka opatentowana przez Edisona mia\u0142a<\/strong> zupe\u0142nie inn\u0105 charakterystyk\u0119 ni\u017c to, co znamy dzisiaj.<\/p>\n\n\n\n<p>Wsp\u00f3\u0142czesna <strong>\u017car\u00f3wka LED<\/strong> to zupe\u0142nie inna technologia. Zamiast rozgrzanego drutu, mamy <strong>energooszcz\u0119dnych \u017ar\u00f3de\u0142 \u015bwiat\u0142a<\/strong>, gdzie kluczow\u0105 rol\u0119 odgrywa <strong>dioda<\/strong> elektroluminescencyjna. Dlaczego warto o tym pami\u0119ta\u0107?<\/p>\n\n\n\n<ol start=\"1\" class=\"wp-block-list\">\n<li><strong>Trwa\u0142o\u015b\u0107. <\/strong><strong>Pierwsza \u017car\u00f3wka LED<\/strong> udowodni\u0142a, \u017ce \u017ar\u00f3d\u0142o \u015bwiat\u0142a mo\u017ce pracowa\u0107 przez dziesi\u0105tki tysi\u0119cy godzin.<\/li>\n\n\n\n<li><strong>Oszcz\u0119dno\u015b\u0107.<\/strong> Nowoczesna technologia pozwala zu\u017cywa\u0107 <strong>mniej energii<\/strong>, co w dobie rosn\u0105cych cen pr\u0105du jest kluczowe.<\/li>\n\n\n\n<li><strong>Zdrowie. <\/strong>Diody LED nie mrugaj\u0105 i pozwalaj\u0105 na precyzyjne dobranie temperatury barwowej.<\/li>\n<\/ol>\n\n\n\n<p>W procesie <strong>rozwoju technologii<\/strong> istotn\u0105 rol\u0119 odegra\u0142y r\u00f3wnie\u017c inne postacie, jak cho\u0107by <strong>Nikola Tesla<\/strong>, kt\u00f3ry <strong>eksperymentowa\u0142<\/strong> z o\u015bwietleniem bezprzewodowym i pr\u0105dem zmiennym, wyprzedzaj\u0105c swoje czasy.<\/p>\n\n\n\n<h2 class=\"wp-block-heading\">Polskie rzemios\u0142o w s\u0142u\u017cbie wynalazku Edisona<\/h2>\n\n\n\n<p>Jako ekspert z 20-letnim do\u015bwiadczeniem w projektowaniu o\u015bwietlenia, widz\u0119 niesamowit\u0105 synergi\u0119 mi\u0119dzy technologi\u0105, kt\u00f3r\u0105 <strong>wynalaz\u0142 pierwsz\u0105 \u017car\u00f3wk\u0119<\/strong> Edison, a polsk\u0105 tradycj\u0105 szklarsk\u0105. <strong>\u017bar\u00f3wka edisona<\/strong> w nowoczesnym wydaniu najlepiej prezentuje si\u0119 w kloszach wykonanych z polskiego szk\u0142a dmuchanego.<\/p>\n\n\n\n<ul class=\"wp-block-list\">\n<li><strong>Szklane klosze &#8222;Made in Poland&#8221;.<\/strong> To gwarancja braku p\u0119cherzyk\u00f3w powietrza i idealnej przejrzysto\u015bci, co pozwala <strong>\u017ar\u00f3d\u0142a \u015bwiat\u0142a elektrycznego<\/strong> w pe\u0142ni zaprezentowa\u0107 swoje walory.<\/li>\n\n\n\n<li><strong>Wyj\u0105tkowa estetyka.<\/strong> R\u0119cznie formowane szk\u0142o o odpowiedniej grubo\u015bci (cz\u0119sto stosowana jest <strong>mied\u017a<\/strong> lub stal w elementach monta\u017cowych) sprawia, \u017ce lampa jest nie tylko urz\u0105dzeniem, ale dekoracj\u0105 klasy premium.<\/li>\n<\/ul>\n\n\n\n<h2 class=\"wp-block-heading\">\u015awiat\u0142o, kt\u00f3re ma znaczenie<\/h2>\n\n\n\n<p><strong>Wynalezienie \u017car\u00f3wki<\/strong> to moment, w kt\u00f3rym ludzko\u015b\u0107 przesta\u0142a by\u0107 zale\u017cna od s\u0142o\u0144ca. Cho\u0107 <strong>wynalazca \u017car\u00f3wki<\/strong> Thomas Edison otrzyma\u0142 najwi\u0119ksz\u0105 s\u0142aw\u0119, sukces ten by\u0142 wsp\u00f3lnym wysi\u0142kiem wielu in\u017cynier\u00f3w i naukowc\u00f3w. Dzi\u015b, wybieraj\u0105c <strong>o\u015bwietlenia<\/strong> do swoich dom\u00f3w, korzystamy z ich dziedzictwa. Pami\u0119tajmy, \u017ce wysokiej klasy <strong>\u017car\u00f3wki z \u017carnikiem<\/strong> dekoracyjnym lub nowoczesne LED-y zas\u0142uguj\u0105 na opraw\u0119, kt\u00f3ra podkre\u015bli ich blask. Wybieraj\u0105c polskie szk\u0142o, \u0142\u0105czysz histori\u0119 z najnowocze\u015bniejszym designem.<\/p>\n\n\n\n<hr class=\"wp-block-separator has-alpha-channel-opacity\"\/>\n\n\n\n<p>Szukasz o\u015bwietlenia, kt\u00f3re odmieni Twoje wn\u0119trze? Nie id\u017a na kompromisy mi\u0119dzy jako\u015bci\u0105 a designem. W szklo-polskie.pl \u0142\u0105czymy wieloletni\u0105 tradycj\u0119 polskiego hutnictwa z nowoczesnymi trendami. Wybierz oprawy i klosze, kt\u00f3re zachwycaj\u0105 precyzj\u0105 wykonania i trwa\u0142o\u015bci\u0105 na lata. \ud83d\udca1 Odkryj nasz\u0105 kolekcj\u0119 na szklo-polskie.pl i pozw\u00f3l nam roz\u015bwietli\u0107 Tw\u00f3j dom w najlepszym stylu!<\/p>\n","protected":false},"excerpt":{"rendered":"<p>Wyobra\u017a sobie dom, w kt\u00f3rym atmosfera zmienia si\u0119 wraz z jednym ruchem d\u0142oni. Odpowiednio dobrane \u017ar\u00f3d\u0142o \u015bwiat\u0142a potrafi przemieni\u0107 surowe wn\u0119trze w przytuln\u0105&hellip;<\/p>\n","protected":false},"author":3,"featured_media":1806,"comment_status":"open","ping_status":"open","sticky":false,"template":"","format":"standard","meta":{"_lmt_disableupdate":"","_lmt_disable":"","footnotes":""},"categories":[24],"tags":[64,62,61,63],"class_list":["post-1805","post","type-post","status-publish","format-standard","has-post-thumbnail","hentry","category-poradniki","tag-historia","tag-joseph-wilson-swan","tag-thomas-edison","tag-zarowka"],"_links":{"self":[{"href":"https:\/\/szklo-polskie.pl\/blog\/wp-json\/wp\/v2\/posts\/1805","targetHints":{"allow":["GET"]}}],"collection":[{"href":"https:\/\/szklo-polskie.pl\/blog\/wp-json\/wp\/v2\/posts"}],"about":[{"href":"https:\/\/szklo-polskie.pl\/blog\/wp-json\/wp\/v2\/types\/post"}],"author":[{"embeddable":true,"href":"https:\/\/szklo-polskie.pl\/blog\/wp-json\/wp\/v2\/users\/3"}],"replies":[{"embeddable":true,"href":"https:\/\/szklo-polskie.pl\/blog\/wp-json\/wp\/v2\/comments?post=1805"}],"version-history":[{"count":2,"href":"https:\/\/szklo-polskie.pl\/blog\/wp-json\/wp\/v2\/posts\/1805\/revisions"}],"predecessor-version":[{"id":1810,"href":"https:\/\/szklo-polskie.pl\/blog\/wp-json\/wp\/v2\/posts\/1805\/revisions\/1810"}],"wp:featuredmedia":[{"embeddable":true,"href":"https:\/\/szklo-polskie.pl\/blog\/wp-json\/wp\/v2\/media\/1806"}],"wp:attachment":[{"href":"https:\/\/szklo-polskie.pl\/blog\/wp-json\/wp\/v2\/media?parent=1805"}],"wp:term":[{"taxonomy":"category","embeddable":true,"href":"https:\/\/szklo-polskie.pl\/blog\/wp-json\/wp\/v2\/categories?post=1805"},{"taxonomy":"post_tag","embeddable":true,"href":"https:\/\/szklo-polskie.pl\/blog\/wp-json\/wp\/v2\/tags?post=1805"}],"curies":[{"name":"wp","href":"https:\/\/api.w.org\/{rel}","templated":true}]}}