{"id":1758,"date":"2026-03-01T15:09:16","date_gmt":"2026-03-01T14:09:16","guid":{"rendered":"https:\/\/szklo-polskie.pl\/blog\/?p=1758"},"modified":"2026-03-01T19:18:25","modified_gmt":"2026-03-01T18:18:25","slug":"nowoczesne-oswietlenie-salonu-z-aneksem","status":"publish","type":"post","link":"https:\/\/szklo-polskie.pl\/blog\/nowoczesne-oswietlenie-salonu-z-aneksem\/","title":{"rendered":"O\u015bwietlenie salonu z kuchni\u0105 &#8211; inspiracja i porady, jakie lampy wybra\u0107 do salonu z aneksem"},"content":{"rendered":"\n<p>Wyobra\u017a sobie przestrze\u0144, kt\u00f3ra p\u0142ynnie zmienia sw\u00f3j charakter w zale\u017cno\u015bci od Twoich potrzeb \u2013 od jasnego, roboczego poranka w kuchni po nastrojowy, wyciszaj\u0105cy wiecz\u00f3r na kanapie. Wyb\u00f3r o\u015bwietlenia to najwa\u017cniejszy etap aran\u017cacji, poniewa\u017c we wsp\u00f3lnej przestrzeni \u015bwiat\u0142o nie tylko zapewnia widoczno\u015b\u0107, ale przede wszystkim buduje <strong>klimat wn\u0119trza<\/strong> i wyznacza niewidzialne granice. <strong>Nowoczesne o\u015bwietlenie salonu z aneksem kuchennym<\/strong> wymaga przemy\u015blanej strategii, kt\u00f3ra po\u0142\u0105czy estetyk\u0119 z funkcjonalno\u015bci\u0105. W tym poradniku, jako eksperci szklo-polskie.pl, przeprowadzimy Ci\u0119 przez proces projektowania \u015bwiat\u0142a, stawiaj\u0105c na jako\u015b\u0107, kt\u00f3r\u0105 gwarantuje polskie rzemios\u0142o szklane.<\/p>\n\n\n\n<h2 class=\"wp-block-heading\">Nowoczesne o\u015bwietlenie salonu z aneksem &#8211; jak zaplanowa\u0107 przestrze\u0144?<\/h2>\n\n\n\n<p>W otwartym planie <strong>odpowiednie o\u015bwietlenie jest kluczowe<\/strong>, aby unikn\u0105\u0107 wra\u017cenia chaosu. Ka\u017cda <strong>aran\u017cacja<\/strong> powinna opiera\u0107 si\u0119 na podziale na <strong>poszczeg\u00f3lne strefy<\/strong>, kt\u00f3re b\u0119d\u0105 obs\u0142ugiwane przez dedykowane punkty \u015bwietlne. Zamiast jednej, du\u017cej oprawy na \u015brodku, warto <strong>rozmie\u015bci\u0107<\/strong> punkty tak, by do\u015bwietla\u0142y konkretne miejsca.<\/p>\n\n\n\n<ul class=\"wp-block-list\">\n<li><strong>O\u015bwietlenie g\u0142\u00f3wne.<\/strong> Zazwyczaj montowane na <strong>suficie<\/strong>, ma za zadanie wype\u0142ni\u0107 ca\u0142e wn\u0119trze blaskiem. Tutaj najlepiej sprawdza si\u0119 o\u015bwietlenie w postaci minimalistycznej <strong>lampy sufitowej<\/strong> lub nowoczesnych listew <strong>LED<\/strong>.<\/li>\n\n\n\n<li><strong>Strefa relaksu.<\/strong> W <strong>cz\u0119\u015bci wypoczynkowej<\/strong> warto postawi\u0107 na <strong>dodatkowe o\u015bwietlenie<\/strong> o <strong>ciep\u0142ej barwie<\/strong>. <strong>Sprawdzaj\u0105 si\u0119 kinkiety<\/strong> oraz <strong>lampy stoj\u0105ce<\/strong>, kt\u00f3re dodaj\u0105 przytulno\u015bci podczas wieczornego seansu w <strong>pokoju dziennym<\/strong>.<\/li>\n\n\n\n<li><strong>\u0141\u0105cznik stref.<\/strong> Cz\u0119sto centralnym punktem jest st\u00f3\u0142. Odpowiednio dobrana <strong>nowoczesna lampa<\/strong> wisz\u0105ca nad nim spaja oba pomieszczenia.<\/li>\n<\/ul>\n\n\n\n<figure class=\"wp-block-image size-full\"><img fetchpriority=\"high\" decoding=\"async\" width=\"1024\" height=\"1024\" src=\"https:\/\/szklo-polskie.pl\/blog\/wp-content\/uploads\/2026\/03\/oswietlenie-do-salonu.png\" alt=\"O\u015bwietlenie do salonu\" class=\"wp-image-1792\" title=\"\" srcset=\"https:\/\/szklo-polskie.pl\/blog\/wp-content\/uploads\/2026\/03\/oswietlenie-do-salonu.png 1024w, https:\/\/szklo-polskie.pl\/blog\/wp-content\/uploads\/2026\/03\/oswietlenie-do-salonu-300x300.png 300w, https:\/\/szklo-polskie.pl\/blog\/wp-content\/uploads\/2026\/03\/oswietlenie-do-salonu-150x150.png 150w, https:\/\/szklo-polskie.pl\/blog\/wp-content\/uploads\/2026\/03\/oswietlenie-do-salonu-768x768.png 768w, https:\/\/szklo-polskie.pl\/blog\/wp-content\/uploads\/2026\/03\/oswietlenie-do-salonu-585x585.png 585w\" sizes=\"(max-width: 1024px) 100vw, 1024px\" \/><figcaption class=\"wp-element-caption\">O\u015bwietlenie do salonu<\/figcaption><\/figure>\n\n\n\n<h2 class=\"wp-block-heading\">O\u015bwietlenie kuchni i salonu &#8211; postaw na sp\u00f3jne o\u015bwietlenie i polskie rzemios\u0142o<\/h2>\n\n\n\n<p><strong>Wybieraj\u0105c o\u015bwietlenie<\/strong>, musisz pami\u0119ta\u0107, \u017ce <strong>lampy w kuchni i salonie<\/strong> b\u0119d\u0105 widoczne jednocze\u015bnie z niemal ka\u017cdego punktu pomieszczenia. Dlatego tak wa\u017cna jest ich <strong>sp\u00f3jno\u015b\u0107<\/strong>. Projektuj\u0105c <strong>o\u015bwietlenie salonu po\u0142\u0105czonego z kuchni\u0105<\/strong>, rekomendujemy wyb\u00f3r szklanych opraw, kt\u00f3re s\u0105 ponadczasowe.<\/p>\n\n\n\n<p><strong>Szklane klosze<\/strong>, dmuchane tradycyjnymi metodami w polskich hutach, to gwarancja, \u017ce \u015bwiat\u0142o b\u0119dzie rozchodzi\u0107 si\u0119 mi\u0119kko i bez zniekszta\u0142ce\u0144. W przeciwie\u0144stwie do taniego plastiku, polskie szk\u0142o nie \u017c\u00f3\u0142knie i jest odporne na warunki panuj\u0105ce w <strong>cz\u0119\u015bci kuchennej<\/strong>. Ka\u017cdy <strong>\u017cyrandol<\/strong> czy <strong>wisz\u0105ce lampy<\/strong> z naszej kolekcji to ma\u0142e dzie\u0142o sztuki, kt\u00f3re podnosi presti\u017c ca\u0142ego wn\u0119trza. Pami\u0119taj, \u017ce <strong>sp\u00f3jny<\/strong> design nie oznacza nudy \u2013 mo\u017cesz wybra\u0107 r\u00f3\u017cne kszta\u0142ty kloszy, zachowuj\u0105c ten sam rodzaj szk\u0142a (np. przezroczyste lub dymione).<\/p>\n\n\n\n<h2 class=\"wp-block-heading\">Jak dobra\u0107 o\u015bwietlenie jadalni i aneksu kuchennego?<\/h2>\n\n\n\n<p>W miejscu, gdzie przygotowujemy posi\u0142ki, priorytetem jest <strong>precyzyjne o\u015bwietlenie<\/strong>. <strong>O\u015bwietlenie aneksu kuchennego<\/strong> musi by\u0107 na tyle mocne, by zapewni\u0107 bezpiecze\u0144stwo przy blacie.<\/p>\n\n\n\n<ol start=\"1\" class=\"wp-block-list\">\n<li><strong>Blat roboczy. <\/strong>Tutaj standardem jest <strong>o\u015bwietlenie podszafkowe<\/strong> (listwy lub punkty <strong>LED<\/strong>), kt\u00f3re eliminuje cienie rzucane przez szafki g\u00f3rne.<\/li>\n\n\n\n<li><strong>Wyspa lub p\u00f3\u0142wysep.<\/strong> To idealne miejsce na <strong>reflektor<\/strong> punktowy lub rz\u0105d trzech mniejszych <strong>lamp nad sto\u0142em<\/strong>. Taki zabieg pozwala optycznie oddzieli\u0107 kuchni\u0119 od salonu.<\/li>\n\n\n\n<li><strong>Jadalnia.<\/strong> Nad sto\u0142em najlepiej prezentuj\u0105 si\u0119 oprawy o ni\u017cszym zawieszeniu, kt\u00f3re kieruj\u0105 strumie\u0144 \u015bwiat\u0142a bezpo\u015brednio na blat, nie o\u015blepiaj\u0105c os\u00f3b siedz\u0105cych naprzeciwko.<\/li>\n<\/ol>\n\n\n\n<p><strong>Aneks kuchenny wymaga<\/strong> dostarczenia <strong>odpowiedniej ilo\u015bci \u015bwiat\u0142a<\/strong>, dlatego warto zarz\u0105dza\u0107 nim za pomoc\u0105 <strong>r\u00f3\u017cnych \u017ar\u00f3de\u0142 \u015bwiat\u0142a<\/strong>, kt\u00f3re mo\u017cna w\u0142\u0105cza\u0107 niezale\u017cnie.<\/p>\n\n\n\n<h2 class=\"wp-block-heading\">Dodatkowe o\u015bwietlenie w salonie po\u0142\u0105czonym z kuchni\u0105 &#8211; triki aran\u017cacyjne<\/h2>\n\n\n\n<p>Aby dopie\u015bci\u0107 <strong>o\u015bwietlenie salonu z kuchni\u0105<\/strong>, warto pomy\u015ble\u0107 o detalach, kt\u00f3re dope\u0142ni\u0105 <strong>aran\u017cacyjny<\/strong> sukces. <strong>Wielko\u015b\u0107 pomieszczenia<\/strong> dyktuje, na ile \u017ar\u00f3de\u0142 mo\u017cemy sobie pozwoli\u0107. W mniejszych wn\u0119trzach <strong>najlepiej sprawdza si\u0119 o\u015bwietlenie<\/strong> dyskretne, kt\u00f3re nie przyt\u0142acza, np. szklana <strong>lampa sto\u0142owa<\/strong> na komodzie.<\/p>\n\n\n\n<p>W wi\u0119kszym <strong>salonie po\u0142\u0105czonym<\/strong> z aneksem mo\u017cna pozwoli\u0107 sobie na odwa\u017cniejszy krok. <strong>Sprawdz\u0105 si\u0119 lampy<\/strong> o du\u017cych, kulistych kloszach, kt\u00f3re stan\u0105 si\u0119 g\u0142\u00f3wn\u0105 dekoracj\u0105. Aby <strong>do\u015bwietli\u0107<\/strong> ciemne k\u0105ty, warto wykorzysta\u0107 <strong>lampy sto\u0142owe<\/strong> z tekstylnymi aba\u017curami na szklanych podstawach, co stworzy elegancki, hotelowy klimat. Prawid\u0142owy <strong>monta\u017c<\/strong> i wyb\u00f3r opraw z <strong>kilkoma \u017ar\u00f3d\u0142ami \u015bwiat\u0142a<\/strong> pozwoli Ci precyzyjnie kontrolowa\u0107 nat\u0119\u017cenie blasku w zale\u017cno\u015bci od pory dnia.<\/p>\n\n\n\n<h3 class=\"wp-block-heading\">Podsumowanie<\/h3>\n\n\n\n<p>Projektowanie <strong>o\u015bwietlenia w salonie z aneksem<\/strong> to sztuka balansowania mi\u0119dzy funkcjonalno\u015bci\u0105 a stylem. Wybieraj\u0105c polskie produkty ze szklo-polskie.pl, zyskujesz pewno\u015b\u0107, \u017ce Twoje <strong>sp\u00f3jne o\u015bwietlenie<\/strong> b\u0119dzie nie tylko pi\u0119kne, ale i trwa\u0142e. Pami\u0119taj, \u017ce <strong>o\u015bwietlenie g\u0142\u00f3wne<\/strong> to tylko baza \u2013 prawdziwy charakter domu tworz\u0105 warstwy i detale, kt\u00f3re wydobywaj\u0105 g\u0142\u0119bi\u0119 z <strong>ca\u0142ego wn\u0119trza<\/strong>.<\/p>\n\n\n\n<p>Szukasz o\u015bwietlenia, kt\u00f3re odmieni Twoje wn\u0119trze? Nie id\u017a na kompromisy mi\u0119dzy jako\u015bci\u0105 a designem. W szklo-polskie.pl \u0142\u0105czymy wieloletni\u0105 tradycj\u0119 polskiego hutnictwa z nowoczesnymi trendami. Wybierz oprawy i klosze, kt\u00f3re zachwycaj\u0105 precyzj\u0105 wykonania i trwa\u0142o\u015bci\u0105 na lata. \ud83d\udca1 Odkryj nasz\u0105 kolekcj\u0119 na szklo-polskie.pl i pozw\u00f3l nam roz\u015bwietli\u0107 Tw\u00f3j dom w najlepszym stylu!<\/p>\n\n\n\n<p><\/p>\n","protected":false},"excerpt":{"rendered":"<p>Wyobra\u017a sobie przestrze\u0144, kt\u00f3ra p\u0142ynnie zmienia sw\u00f3j charakter w zale\u017cno\u015bci od Twoich potrzeb \u2013 od jasnego, roboczego poranka w kuchni po nastrojowy, wyciszaj\u0105cy&hellip;<\/p>\n","protected":false},"author":3,"featured_media":1759,"comment_status":"open","ping_status":"open","sticky":false,"template":"","format":"standard","meta":{"_lmt_disableupdate":"","_lmt_disable":"","footnotes":""},"categories":[24,21],"tags":[26,29,28,25],"class_list":["post-1758","post","type-post","status-publish","format-standard","has-post-thumbnail","hentry","category-poradniki","category-oswietlenie-pomieszczen","tag-aneks-kuchenny","tag-aranzacja-wnetrz","tag-lampy-wiszace","tag-oswietlenie-salonu"],"_links":{"self":[{"href":"https:\/\/szklo-polskie.pl\/blog\/wp-json\/wp\/v2\/posts\/1758","targetHints":{"allow":["GET"]}}],"collection":[{"href":"https:\/\/szklo-polskie.pl\/blog\/wp-json\/wp\/v2\/posts"}],"about":[{"href":"https:\/\/szklo-polskie.pl\/blog\/wp-json\/wp\/v2\/types\/post"}],"author":[{"embeddable":true,"href":"https:\/\/szklo-polskie.pl\/blog\/wp-json\/wp\/v2\/users\/3"}],"replies":[{"embeddable":true,"href":"https:\/\/szklo-polskie.pl\/blog\/wp-json\/wp\/v2\/comments?post=1758"}],"version-history":[{"count":2,"href":"https:\/\/szklo-polskie.pl\/blog\/wp-json\/wp\/v2\/posts\/1758\/revisions"}],"predecessor-version":[{"id":1794,"href":"https:\/\/szklo-polskie.pl\/blog\/wp-json\/wp\/v2\/posts\/1758\/revisions\/1794"}],"wp:featuredmedia":[{"embeddable":true,"href":"https:\/\/szklo-polskie.pl\/blog\/wp-json\/wp\/v2\/media\/1759"}],"wp:attachment":[{"href":"https:\/\/szklo-polskie.pl\/blog\/wp-json\/wp\/v2\/media?parent=1758"}],"wp:term":[{"taxonomy":"category","embeddable":true,"href":"https:\/\/szklo-polskie.pl\/blog\/wp-json\/wp\/v2\/categories?post=1758"},{"taxonomy":"post_tag","embeddable":true,"href":"https:\/\/szklo-polskie.pl\/blog\/wp-json\/wp\/v2\/tags?post=1758"}],"curies":[{"name":"wp","href":"https:\/\/api.w.org\/{rel}","templated":true}]}}